{"id":3777,"date":"2025-09-15T00:23:00","date_gmt":"2025-09-15T05:23:00","guid":{"rendered":"https:\/\/eespquillabamba.edu.pe\/?p=3777"},"modified":"2025-09-15T00:44:01","modified_gmt":"2025-09-15T05:44:01","slug":"el-instituto-quillabamba-concluye-exitosamente-su-proceso-de-admision-2025-ii","status":"publish","type":"post","link":"https:\/\/eespquillabamba.edu.pe\/index.php\/2025\/09\/15\/el-instituto-quillabamba-concluye-exitosamente-su-proceso-de-admision-2025-ii\/","title":{"rendered":"El Instituto \u201cQuillabamba\u201d concluye exitosamente su Proceso de Admisi\u00f3n 2025-II"},"content":{"rendered":"\n<p>Quillabamba, 14 de septiembre de 2025.-<br>El Instituto de Educaci\u00f3n Superior Pedag\u00f3gico P\u00fablico \u201cQuillabamba\u201d llev\u00f3 a cabo con \u00e9xito el <strong>Proceso de Admisi\u00f3n 2025-II<\/strong> los d\u00edas 13 y 14 de septiembre, con la participaci\u00f3n de decenas de postulantes provenientes de diferentes localidades de la provincia de La Convenci\u00f3n y la regi\u00f3n Cusco.<\/p>\n\n\n\n<p>El proceso concluy\u00f3 este domingo 14 de septiembre con la <strong>publicaci\u00f3n oficial de los resultados finales<\/strong>, alcanzando la cobertura total de las vacantes ofrecidas:<\/p>\n\n\n\n<ul class=\"wp-block-list\">\n<li><strong>60 vacantes en Educaci\u00f3n Primaria<\/strong><\/li>\n\n\n\n<li><strong>60 vacantes en Educaci\u00f3n Inicial Intercultural Biling\u00fce<\/strong><br>Tanto en la sede central de Quillabamba como en la filial de Pichari.<\/li>\n<\/ul>\n\n\n\n<p>De esta manera, el IESPP \u201cQuillabamba\u201d reafirma su compromiso con la <strong>formaci\u00f3n de futuros docentes de calidad<\/strong>, preparados para responder a las demandas educativas de nuestra regi\u00f3n, especialmente en el fortalecimiento de la educaci\u00f3n intercultural y biling\u00fce.<\/p>\n\n\n\n<p>La Direcci\u00f3n del Instituto felicita a los ingresantes y agradece a todos los postulantes por la confianza depositada en esta casa superior de estudios, que contin\u00faa consolid\u00e1ndose como referente pedag\u00f3gico en la Amazon\u00eda y el sur andino del pa\u00eds.<\/p>\n\n\n\n<figure class=\"wp-block-table\"><table class=\"has-fixed-layout\"><thead><tr><th>Denominaci\u00f3n<\/th><th class=\"has-text-align-center\" data-align=\"center\">Ver postulantes que alcanzaron vacante.<\/th><\/tr><\/thead><tbody><tr><td>-EDUCACION PRIMARIA, SEDE CENTRAL Y FILIAL PICHARI.<\/td><td class=\"has-text-align-center\" data-align=\"center\"><a href=\"http:\/\/eespquillabamba.edu.pe\/wp-content\/uploads\/2025\/09\/p-web-primaria.pdf\"><img decoding=\"async\" src=\"http:\/\/eespquillabamba.edu.pe\/wp-content\/uploads\/2022\/08\/pdf.png\" alt=\"\"><\/a><a href=\"http:\/\/eespquillabamba.edu.pe\/wp-content\/uploads\/2025\/08\/TERCERA-CONVOCATORIA-EXTRA-cap-N%C2%B034-25.pdf\"><\/a><a href=\"https:\/\/gereducusco.gob.pe\/wp-content\/uploads\/29.04.25ReprogramaCAP-23.pdf\"><\/a><a href=\"https:\/\/www.gereducusco.gob.pe\/wp-content\/uploads\/15_02_2023-ConvCAP0016-23.pdf\" target=\"_blank\" rel=\"noreferrer noopener\"><\/a><a href=\"http:\/\/eespquillabamba.edu.pe\/wp-content\/uploads\/2023\/02\/CRONOGRAMA-2023-I.pdf\" target=\"_blank\" rel=\"noreferrer noopener\"><\/a><a href=\"https:\/\/docs.google.com\/viewerng\/viewer?url=http:\/\/www.gereducusco.gob.pe\/wp-content\/uploads\/SOLICITUD-DE-COTIZACION-PARA-EL-SERVICIO-DE-LOCACION-DE-SERVICIOS-SOPORTE-MEDICO-IESP-QUILLABAMBA.pdf&amp;hl=es\" target=\"_blank\" rel=\"noreferrer noopener\"><\/a><\/td><\/tr><tr><td>-EDUCACION INICIAL IB, SEDE CENTRAL Y FILIAL PICHARI.<\/td><td class=\"has-text-align-center\" data-align=\"center\"><a href=\"http:\/\/eespquillabamba.edu.pe\/wp-content\/uploads\/2025\/09\/p-web-inicial.pdf\"><img decoding=\"async\" src=\"http:\/\/eespquillabamba.edu.pe\/wp-content\/uploads\/2022\/08\/pdf.png\" alt=\"\"><\/a><a href=\"http:\/\/eespquillabamba.edu.pe\/wp-content\/uploads\/2025\/08\/3RA-RESULTADO-CONVOCATORIA-EXTRA.pdf\"><\/a><a href=\"https:\/\/gereducusco.gob.pe\/wp-content\/uploads\/29.04.25ReprogramaCAP-23.pdf\"><\/a><a href=\"https:\/\/www.gereducusco.gob.pe\/wp-content\/uploads\/15_02_2023-ConvCAP0016-23.pdf\"><\/a><a href=\"http:\/\/eespquillabamba.edu.pe\/wp-content\/uploads\/2023\/02\/PLAZA-2023-I.pdf\" target=\"_blank\" rel=\"noreferrer noopener\"><\/a><\/td><\/tr><\/tbody><\/table><\/figure>\n\n\n\n<figure class=\"wp-block-image size-large\"><img loading=\"lazy\" decoding=\"async\" width=\"1024\" height=\"767\" src=\"https:\/\/eespquillabamba.edu.pe\/wp-content\/uploads\/2025\/09\/image-1024x767.png\" alt=\"\" class=\"wp-image-3778\" srcset=\"https:\/\/eespquillabamba.edu.pe\/wp-content\/uploads\/2025\/09\/image-1024x767.png 1024w, https:\/\/eespquillabamba.edu.pe\/wp-content\/uploads\/2025\/09\/image-300x225.png 300w, https:\/\/eespquillabamba.edu.pe\/wp-content\/uploads\/2025\/09\/image-768x575.png 768w, https:\/\/eespquillabamba.edu.pe\/wp-content\/uploads\/2025\/09\/image-1536x1150.png 1536w, https:\/\/eespquillabamba.edu.pe\/wp-content\/uploads\/2025\/09\/image.png 1600w\" sizes=\"auto, (max-width: 1024px) 100vw, 1024px\" \/><\/figure>\n\n\n\n<figure class=\"wp-block-image size-large\"><img loading=\"lazy\" decoding=\"async\" width=\"1024\" height=\"767\" src=\"https:\/\/eespquillabamba.edu.pe\/wp-content\/uploads\/2025\/09\/image-1-1024x767.png\" alt=\"\" class=\"wp-image-3779\" srcset=\"https:\/\/eespquillabamba.edu.pe\/wp-content\/uploads\/2025\/09\/image-1-1024x767.png 1024w, https:\/\/eespquillabamba.edu.pe\/wp-content\/uploads\/2025\/09\/image-1-300x225.png 300w, https:\/\/eespquillabamba.edu.pe\/wp-content\/uploads\/2025\/09\/image-1-768x575.png 768w, https:\/\/eespquillabamba.edu.pe\/wp-content\/uploads\/2025\/09\/image-1-1536x1150.png 1536w, https:\/\/eespquillabamba.edu.pe\/wp-content\/uploads\/2025\/09\/image-1.png 1600w\" sizes=\"auto, (max-width: 1024px) 100vw, 1024px\" \/><\/figure>\n","protected":false},"excerpt":{"rendered":"<p>Quillabamba, 14 de septiembre de 2025.-El Instituto de Educaci\u00f3n Superior Pedag\u00f3gico P\u00fablico \u201cQuillabamba\u201d llev\u00f3 a cabo con \u00e9xito el Proceso de Admisi\u00f3n 2025-II los d\u00edas 13 y 14 de septiembre, con la participaci\u00f3n de decenas de postulantes provenientes de diferentes localidades de la provincia de La Convenci\u00f3n y la regi\u00f3n Cusco. El proceso concluy\u00f3 este &hellip;<\/p>\n","protected":false},"author":1,"featured_media":3778,"comment_status":"open","ping_status":"closed","sticky":false,"template":"","format":"standard","meta":{"footnotes":""},"categories":[94,92,95],"tags":[],"class_list":["post-3777","post","type-post","status-publish","format-standard","has-post-thumbnail","hentry","category-comunicados","category-noticias","category-publicaciones"],"_links":{"self":[{"href":"https:\/\/eespquillabamba.edu.pe\/index.php\/wp-json\/wp\/v2\/posts\/3777","targetHints":{"allow":["GET"]}}],"collection":[{"href":"https:\/\/eespquillabamba.edu.pe\/index.php\/wp-json\/wp\/v2\/posts"}],"about":[{"href":"https:\/\/eespquillabamba.edu.pe\/index.php\/wp-json\/wp\/v2\/types\/post"}],"author":[{"embeddable":true,"href":"https:\/\/eespquillabamba.edu.pe\/index.php\/wp-json\/wp\/v2\/users\/1"}],"replies":[{"embeddable":true,"href":"https:\/\/eespquillabamba.edu.pe\/index.php\/wp-json\/wp\/v2\/comments?post=3777"}],"version-history":[{"count":6,"href":"https:\/\/eespquillabamba.edu.pe\/index.php\/wp-json\/wp\/v2\/posts\/3777\/revisions"}],"predecessor-version":[{"id":3789,"href":"https:\/\/eespquillabamba.edu.pe\/index.php\/wp-json\/wp\/v2\/posts\/3777\/revisions\/3789"}],"wp:featuredmedia":[{"embeddable":true,"href":"https:\/\/eespquillabamba.edu.pe\/index.php\/wp-json\/wp\/v2\/media\/3778"}],"wp:attachment":[{"href":"https:\/\/eespquillabamba.edu.pe\/index.php\/wp-json\/wp\/v2\/media?parent=3777"}],"wp:term":[{"taxonomy":"category","embeddable":true,"href":"https:\/\/eespquillabamba.edu.pe\/index.php\/wp-json\/wp\/v2\/categories?post=3777"},{"taxonomy":"post_tag","embeddable":true,"href":"https:\/\/eespquillabamba.edu.pe\/index.php\/wp-json\/wp\/v2\/tags?post=3777"}],"curies":[{"name":"wp","href":"https:\/\/api.w.org\/{rel}","templated":true}]}}