{"id":3493,"date":"2025-03-06T18:44:11","date_gmt":"2025-03-06T23:44:11","guid":{"rendered":"https:\/\/eespquillabamba.edu.pe\/?p=3493"},"modified":"2025-03-21T11:09:33","modified_gmt":"2025-03-21T16:09:33","slug":"encargatura-de-puestos-y-de-funciones-de-gestion-pedagogica-iespp-q-2025-rvm-n167-2023-minedu","status":"publish","type":"post","link":"https:\/\/eespquillabamba.edu.pe\/index.php\/2025\/03\/06\/encargatura-de-puestos-y-de-funciones-de-gestion-pedagogica-iespp-q-2025-rvm-n167-2023-minedu\/","title":{"rendered":"Encargatura de puestos y de funciones de gesti\u00f3n pedag\u00f3gica IESPP-Q 2025 \u2013 RVM N\u00b0167-2023-MINEDU."},"content":{"rendered":"\n<p>Se convoca a todos los docentes nombrados del IESSPP-Quillabamba, a presentar sus expedientes de manera virtual y f\u00edsica as\u00ed como su plan de trabajo al puesto de gesti\u00f3n pedag\u00f3gica a postular.<\/p>\n\n\n\n<figure class=\"wp-block-table\"><table><thead><tr><th>Denominaci\u00f3n<\/th><th>Fecha<\/th><th>Descargar<\/th><\/tr><\/thead><tbody><tr><td>Convocatoria y publicaci\u00f3n de plazas vacantes<br>&#8211; Presentaci\u00f3n de expedientes y Plan de Trabajo<\/td><td>del 07\/03\/2025 al<br>12\/03\/2025<\/td><td><a href=\"http:\/\/eespquillabamba.edu.pe\/wp-content\/uploads\/2025\/03\/CONVOCATORIA-JERARQUICOS-2025.pdf\"><img loading=\"lazy\" decoding=\"async\" width=\"80\" height=\"84\" class=\"wp-image-2663\" style=\"width: 80px;\" src=\"http:\/\/eespquillabamba.edu.pe\/wp-content\/uploads\/2022\/08\/pdf.png\" alt=\"\"><\/a><a href=\"https:\/\/docs.google.com\/viewerng\/viewer?url=http:\/\/www.gereducusco.gob.pe\/wp-content\/uploads\/SOLICITUD-DE-COTIZACION-PARA-EL-SERVICIO-DE-LOCACION-DE-SERVICIOS-SOPORTE-MEDICO-IESP-QUILLABAMBA.pdf&amp;hl=es\" target=\"_blank\" rel=\"noreferrer noopener\"><\/a><\/td><\/tr><tr><td>Evaluaci\u00f3n de Expedientes, Plan de Trabajo (Exposici\u00f3n) y publicaci\u00f3n de resultados<br><br><br><br>Resultados de calificaci\u00f3n de expediente y plan de trabajo para cargos de gesti\u00f3n pedag\u00f3gica del IESPP-Quillabamba 2025<\/td><td>del 13\/03\/2025 al<br>18\/03\/2025<br><br>19\/03\/2025<\/td><td><a href=\"http:\/\/eespquillabamba.edu.pe\/wp-content\/uploads\/2025\/03\/R-PRELIMINAR-CONVOCATORIA-JERARQUICOS-2025.pdf\"><img loading=\"lazy\" decoding=\"async\" width=\"80\" height=\"84\" class=\"wp-image-2663\" style=\"width: 80px;\" src=\"http:\/\/eespquillabamba.edu.pe\/wp-content\/uploads\/2022\/08\/pdf.png\" alt=\"\"><\/a><br><br><a href=\"http:\/\/eespquillabamba.edu.pe\/wp-content\/uploads\/2025\/03\/R-PRELIMINAR-PLAN-EXPEDIENTE-CONVOCATORIA-JERARQUICOS-2025.pdf\"><img loading=\"lazy\" decoding=\"async\" width=\"80\" height=\"84\" class=\"wp-image-2663\" style=\"width: 80px;\" src=\"http:\/\/eespquillabamba.edu.pe\/wp-content\/uploads\/2022\/08\/pdf.png\" alt=\"\"><\/a><\/td><\/tr><tr><td>Presentaci\u00f3n de Reclamos<br>Absoluci\u00f3n de reclamos<\/td><td>19\/03\/2025<br>20\/03\/2025<\/td><td><img loading=\"lazy\" decoding=\"async\" width=\"80\" height=\"84\" class=\"wp-image-2663\" style=\"width: 80px;\" src=\"http:\/\/eespquillabamba.edu.pe\/wp-content\/uploads\/2022\/08\/pdf.png\" alt=\"\"><\/td><\/tr><tr><td>Elaboraci\u00f3n y publicaci\u00f3n del cuadro de m\u00e9ritos<\/td><td>21\/03\/2025<\/td><td><a href=\"http:\/\/eespquillabamba.edu.pe\/wp-content\/uploads\/2025\/03\/FINAL-JERARQUICOS-2025.pdf\"><img loading=\"lazy\" decoding=\"async\" width=\"80\" height=\"84\" class=\"wp-image-2663\" style=\"width: 80px;\" src=\"http:\/\/eespquillabamba.edu.pe\/wp-content\/uploads\/2022\/08\/pdf.png\" alt=\"\"><\/a><\/td><\/tr><tr><td><\/td><td><\/td><td><\/td><\/tr><\/tbody><\/table><\/figure>\n\n\n\n<p><\/p>\n\n\n\n<p><\/p>\n","protected":false},"excerpt":{"rendered":"<p>Se convoca a todos los docentes nombrados del IESSPP-Quillabamba, a presentar sus expedientes de manera virtual y f\u00edsica as\u00ed como su plan de trabajo al puesto de gesti\u00f3n pedag\u00f3gica a postular. Denominaci\u00f3nFechaDescargarConvocatoria y publicaci\u00f3n de plazas vacantes&#8211; Presentaci\u00f3n de expedientes y Plan de Trabajodel 07\/03\/2025 al12\/03\/2025Evaluaci\u00f3n de Expedientes, Plan de Trabajo (Exposici\u00f3n) y publicaci\u00f3n de &hellip;<\/p>\n","protected":false},"author":1,"featured_media":2111,"comment_status":"open","ping_status":"closed","sticky":false,"template":"","format":"standard","meta":{"footnotes":""},"categories":[96,95],"tags":[],"class_list":["post-3493","post","type-post","status-publish","format-standard","has-post-thumbnail","hentry","category-convocatoria","category-publicaciones"],"_links":{"self":[{"href":"https:\/\/eespquillabamba.edu.pe\/index.php\/wp-json\/wp\/v2\/posts\/3493","targetHints":{"allow":["GET"]}}],"collection":[{"href":"https:\/\/eespquillabamba.edu.pe\/index.php\/wp-json\/wp\/v2\/posts"}],"about":[{"href":"https:\/\/eespquillabamba.edu.pe\/index.php\/wp-json\/wp\/v2\/types\/post"}],"author":[{"embeddable":true,"href":"https:\/\/eespquillabamba.edu.pe\/index.php\/wp-json\/wp\/v2\/users\/1"}],"replies":[{"embeddable":true,"href":"https:\/\/eespquillabamba.edu.pe\/index.php\/wp-json\/wp\/v2\/comments?post=3493"}],"version-history":[{"count":10,"href":"https:\/\/eespquillabamba.edu.pe\/index.php\/wp-json\/wp\/v2\/posts\/3493\/revisions"}],"predecessor-version":[{"id":3742,"href":"https:\/\/eespquillabamba.edu.pe\/index.php\/wp-json\/wp\/v2\/posts\/3493\/revisions\/3742"}],"wp:featuredmedia":[{"embeddable":true,"href":"https:\/\/eespquillabamba.edu.pe\/index.php\/wp-json\/wp\/v2\/media\/2111"}],"wp:attachment":[{"href":"https:\/\/eespquillabamba.edu.pe\/index.php\/wp-json\/wp\/v2\/media?parent=3493"}],"wp:term":[{"taxonomy":"category","embeddable":true,"href":"https:\/\/eespquillabamba.edu.pe\/index.php\/wp-json\/wp\/v2\/categories?post=3493"},{"taxonomy":"post_tag","embeddable":true,"href":"https:\/\/eespquillabamba.edu.pe\/index.php\/wp-json\/wp\/v2\/tags?post=3493"}],"curies":[{"name":"wp","href":"https:\/\/api.w.org\/{rel}","templated":true}]}}