{"id":3215,"date":"2024-03-21T15:22:26","date_gmt":"2024-03-21T20:22:26","guid":{"rendered":"https:\/\/eespquillabamba.edu.pe\/?p=3215"},"modified":"2024-04-01T20:39:03","modified_gmt":"2024-04-02T01:39:03","slug":"convocatoria-a-examen-de-admision-2020-quillabamba-y-pichari-2","status":"publish","type":"post","link":"https:\/\/eespquillabamba.edu.pe\/index.php\/2024\/03\/21\/convocatoria-a-examen-de-admision-2020-quillabamba-y-pichari-2\/","title":{"rendered":"Convocatoria a examen de Admisi\u00f3n 2020 Quillabamba y Pichari"},"content":{"rendered":"<div class=\"wp-block-image\">\n<figure class=\"aligncenter size-large\"><img loading=\"lazy\" decoding=\"async\" width=\"1024\" height=\"576\" src=\"https:\/\/eespquillabamba.edu.pe\/wp-content\/uploads\/2024\/04\/admision-2024-1024x576.jpg\" alt=\"\" class=\"wp-image-3248\" srcset=\"https:\/\/eespquillabamba.edu.pe\/wp-content\/uploads\/2024\/04\/admision-2024-1024x576.jpg 1024w, https:\/\/eespquillabamba.edu.pe\/wp-content\/uploads\/2024\/04\/admision-2024-300x169.jpg 300w, https:\/\/eespquillabamba.edu.pe\/wp-content\/uploads\/2024\/04\/admision-2024-768x432.jpg 768w, https:\/\/eespquillabamba.edu.pe\/wp-content\/uploads\/2024\/04\/admision-2024-390x220.jpg 390w, https:\/\/eespquillabamba.edu.pe\/wp-content\/uploads\/2024\/04\/admision-2024.jpg 1280w\" sizes=\"auto, (max-width: 1024px) 100vw, 1024px\" \/><\/figure>\n<\/div>\n\n\n<p><\/p>\n\n\n\n<p>El proceso de admisi\u00f3n en los Institutos y Escuelas de Educaci\u00f3n Superior Pedag\u00f3gica p\u00fablicos y privados con carreras docentes revalidadas y\/o autorizadas con posterioridad a la culminaci\u00f3n del Proceso de Revalidaci\u00f3n se orienta a seleccionar a los egresados que han concluido y aprobado la educaci\u00f3n b\u00e1sica en cualquiera de sus modalidades, cuyo perfil evidencie idoneidad personal y acad\u00e9mica para iniciar estudios pedag\u00f3gicos superiores en una determinada carrera.<\/p>\n\n\n\n<h1 class=\"wp-block-heading\">Proceso de admisi\u00f3n en IESP\/EESP<\/h1>\n\n\n\n<p>El proceso de admisi\u00f3n est\u00e1 a cargo de las IESP y EESP, las cuales asumen la responsabilidad de planificar, organizar, ejecutar y evaluar las acciones del proceso, con garant\u00eda a los principios de m\u00e9rito, transparencia y equidad.<\/p>\n\n\n\n<p><strong>\ud835\udc0f\ud835\udc11\ud835\udc04\ud835\udc06\ud835\udc14\ud835\udc0d\ud835\udc13\ud835\udc00\ud835\udc12 \ud835\udc05\ud835\udc11\ud835\udc04\ud835\udc02\ud835\udc14\ud835\udc04\ud835\udc0d\ud835\udc13\ud835\udc04\ud835\udc12<\/strong><\/p>\n\n\n\n<p>\ud835\udfed.- \u00bf\ud835\uddd6\ud835\ude02\ud835\uddee\u0301\ud835\uddfb\ud835\uddf1\ud835\uddfc \ud835\ude00\ud835\uddf2 \ud835\uddff\ud835\uddf2\ud835\uddee\ud835\uddf9\ud835\uddf6\ud835\ude07\ud835\uddee\ud835\uddff\ud835\uddee\u0301 \ud835\uddf2\ud835\uddf9 \ud835\uddf2\ud835\ude05\ud835\uddee\ud835\uddfa\ud835\uddf2\ud835\uddfb \ud835\uddf1\ud835\uddf2 \ud835\uddee\ud835\uddf1\ud835\uddfa\ud835\uddf6\ud835\ude00\ud835\uddf6\ud835\uddfc\u0301\ud835\uddfb?<\/p>\n\n\n\n<p>R: El examen de admisi\u00f3n ser\u00e1 13 y 14 de abril &#8211; 2024.<\/p>\n\n\n\n<p>\ud835\udfee.- \u00bf\ud835\uddd6\ud835\uddfc\u0301\ud835\uddfa\ud835\uddfc \ud835\uddfd\ud835\ude02\ud835\uddf2\ud835\uddf1\ud835\uddfc \ud835\uddf6\ud835\uddfb\ud835\ude00\ud835\uddf0\ud835\uddff\ud835\uddf6\ud835\uddef\ud835\uddf6\ud835\uddff\ud835\uddfa\ud835\uddf2 \ud835\uddfd\ud835\uddee\ud835\uddff\ud835\uddee \ud835\uddf2\ud835\uddf9 \ud835\uddf2\ud835\ude05\ud835\uddee\ud835\uddfa\ud835\uddf2\ud835\uddfb \ud835\uddf1\ud835\uddf2 \ud835\uddee\ud835\uddf1\ud835\uddfa\ud835\uddf6\ud835\ude00\ud835\uddf6\ud835\uddfc\u0301\ud835\uddfb?<\/p>\n\n\n\n<p> R: Puede inscribirse en nuestro local institucional Jr. Kumpirishiato Nro. S\/N Quillabamba (Costado Colegio la Convencion) Cusco &#8211; la Convencion &#8211; Santa Ana &#8211; Tel\u00e9fono +51 84 605682 o tambien puedes llamar a :<\/p>\n\n\n\n<p><img loading=\"lazy\" decoding=\"async\" height=\"16\" width=\"16\" src=\"https:\/\/static.xx.fbcdn.net\/images\/emoji.php\/v9\/t31\/1.5\/16\/1f4f2.png\" alt=\"\ud83d\udcf2\"> +51 984707714<\/p>\n\n\n\n<p><img loading=\"lazy\" decoding=\"async\" height=\"16\" width=\"16\" src=\"https:\/\/static.xx.fbcdn.net\/images\/emoji.php\/v9\/t31\/1.5\/16\/1f4f2.png\" alt=\"\ud83d\udcf2\"> +51 987 628 788<\/p>\n\n\n\n<p><\/p>\n\n\n\n<p>R: Virtualmente en el siguiente link <a href=\"https:\/\/forms.gle\/sZVDu2ZWo6tHZrAq7\">https:\/\/forms.gle\/sZVDu2ZWo6tHZrAq7<\/a><\/p>\n\n\n\n<p>\ud835\udfef.- \u00bf\ud835\uddd8\ud835\uddf9 \ud835\uddf2\ud835\ude05\ud835\uddee\ud835\uddfa\ud835\uddf2\ud835\uddfb \ud835\uddf1\ud835\uddf2 \ud835\uddee\ud835\uddf1\ud835\uddfa\ud835\uddf6\ud835\ude00\ud835\uddf6\ud835\uddfc\u0301\ud835\uddfb \ud835\ude00\ud835\uddf2\ud835\uddff\ud835\uddee\u0301 \ud835\ude03\ud835\uddf6\ud835\uddff\ud835\ude01\ud835\ude02\ud835\uddee\ud835\uddf9 \ud835\uddfc \ud835\uddfd\ud835\uddff\ud835\uddf2\ud835\ude00\ud835\uddf2\ud835\uddfb\ud835\uddf0\ud835\uddf6\ud835\uddee\ud835\uddf9?<\/p>\n\n\n\n<p>R: El examen de admisi\u00f3n ser\u00e1 presencial.<\/p>\n\n\n\n<p>\ud835\udff0.- \u00bf\ud835\uddd7\ud835\uddfc\u0301\ud835\uddfb\ud835\uddf1\ud835\uddf2 \ud835\ude00\ud835\uddf2 \ud835\uddff\ud835\uddf2\ud835\uddfb\ud835\uddf1\ud835\uddf6\ud835\uddff\ud835\uddee\u0301 \ud835\uddf2\ud835\uddf9 \ud835\uddf2\ud835\ude05\ud835\uddee\ud835\uddfa\ud835\uddf2\ud835\uddfb \ud835\uddf1\ud835\uddf2 \ud835\uddee\ud835\uddf1\ud835\uddfa\ud835\uddf6\ud835\ude00\ud835\uddf6\ud835\uddfc\u0301\ud835\uddfb?<\/p>\n\n\n\n<p>R: El examen de admisi\u00f3n se realizar\u00e1 en nuestro local institucional local institucional Jr. Kumpirishiato Nro. S\/N Quillabamba (Costado Colegio la Convencion) Cusco &#8211; la Convencion &#8211; Santa Ana y en nuestra Filial Pichari.<\/p>\n\n\n\n<p>\ud835\udff1.- \u00bf\ud835\udddb\ud835\uddee\ud835\ude00\ud835\ude01\ud835\uddee \ud835\uddf0\ud835\ude02\ud835\uddee\u0301\ud835\uddfb\ud835\uddf1\ud835\uddfc \ud835\uddfa\ud835\uddf2 \ud835\uddfd\ud835\ude02\ud835\uddf2\ud835\uddf1\ud835\uddfc \ud835\uddf6\ud835\uddfb\ud835\ude00\ud835\uddf0\ud835\uddff\ud835\uddf6\ud835\uddef\ud835\uddf6\ud835\uddff \ud835\uddfd\ud835\uddee\ud835\uddff\ud835\uddee \ud835\uddf2\ud835\uddf9 \ud835\uddf2\ud835\ude05\ud835\uddee\ud835\uddfa\ud835\uddf2\ud835\uddfb \ud835\uddf1\ud835\uddf2 \ud835\uddee\ud835\uddf1\ud835\uddfa\ud835\uddf6\ud835\ude00\ud835\uddf6\ud835\uddfc\u0301\ud835\uddfb?<\/p>\n\n\n\n<p>R: Las inscripciones est\u00e1n abiertas.<\/p>\n\n\n\n<p>\ud835\udff2.- \u00bf\ud835\udde4\ud835\ude02\ud835\uddf2\u0301 \ud835\uddfb\ud835\uddf2\ud835\uddf0\ud835\uddf2\ud835\ude00\ud835\uddf6\ud835\ude01\ud835\uddfc \ud835\uddfd\ud835\uddee\ud835\uddff\ud835\uddee \ud835\uddf6\ud835\uddfb\ud835\ude00\ud835\uddf0\ud835\uddff\ud835\uddf6\ud835\uddef\ud835\uddf6\ud835\uddff\ud835\uddfa\ud835\uddf2 \ud835\uddee\ud835\uddf9 \ud835\uddf2\ud835\ude05\ud835\uddee\ud835\uddfa\ud835\uddf2\ud835\uddfb \ud835\uddf1\ud835\uddf2 \ud835\uddee\ud835\uddf1\ud835\uddfa\ud835\uddf6\ud835\ude00\ud835\uddf6\ud835\uddfc\u0301\ud835\uddfb?<\/p>\n\n\n\n<p>R: Cumplir los requisitos siguientes:<\/p>\n\n\n\n<p>Fotocopia ampliada de DNI blanco y negro (N\u00edtido O Visible)<\/p>\n\n\n\n<p>Certificado de estudios secundarios<\/p>\n\n\n\n<p>Partida de nacimiento.<\/p>\n\n\n\n<p>2 Fotos tama\u00f1o pasaporte<\/p>\n\n\n\n<p>Pago de S\/ 150.00 (Ciento Cincuenta Soles).<\/p>\n\n\n\n<p><\/p>\n","protected":false},"excerpt":{"rendered":"<p>El proceso de admisi\u00f3n en los Institutos y Escuelas de Educaci\u00f3n Superior Pedag\u00f3gica p\u00fablicos y privados con carreras docentes revalidadas y\/o autorizadas con posterioridad a la culminaci\u00f3n del Proceso de Revalidaci\u00f3n se orienta a seleccionar a los egresados que han concluido y aprobado la educaci\u00f3n b\u00e1sica en cualquiera de sus modalidades, cuyo perfil evidencie idoneidad &hellip;<\/p>\n","protected":false},"author":1,"featured_media":3248,"comment_status":"open","ping_status":"closed","sticky":false,"template":"","format":"standard","meta":{"footnotes":""},"categories":[94,96,92,95],"tags":[],"class_list":["post-3215","post","type-post","status-publish","format-standard","has-post-thumbnail","hentry","category-comunicados","category-convocatoria","category-noticias","category-publicaciones"],"_links":{"self":[{"href":"https:\/\/eespquillabamba.edu.pe\/index.php\/wp-json\/wp\/v2\/posts\/3215","targetHints":{"allow":["GET"]}}],"collection":[{"href":"https:\/\/eespquillabamba.edu.pe\/index.php\/wp-json\/wp\/v2\/posts"}],"about":[{"href":"https:\/\/eespquillabamba.edu.pe\/index.php\/wp-json\/wp\/v2\/types\/post"}],"author":[{"embeddable":true,"href":"https:\/\/eespquillabamba.edu.pe\/index.php\/wp-json\/wp\/v2\/users\/1"}],"replies":[{"embeddable":true,"href":"https:\/\/eespquillabamba.edu.pe\/index.php\/wp-json\/wp\/v2\/comments?post=3215"}],"version-history":[{"count":10,"href":"https:\/\/eespquillabamba.edu.pe\/index.php\/wp-json\/wp\/v2\/posts\/3215\/revisions"}],"predecessor-version":[{"id":3249,"href":"https:\/\/eespquillabamba.edu.pe\/index.php\/wp-json\/wp\/v2\/posts\/3215\/revisions\/3249"}],"wp:featuredmedia":[{"embeddable":true,"href":"https:\/\/eespquillabamba.edu.pe\/index.php\/wp-json\/wp\/v2\/media\/3248"}],"wp:attachment":[{"href":"https:\/\/eespquillabamba.edu.pe\/index.php\/wp-json\/wp\/v2\/media?parent=3215"}],"wp:term":[{"taxonomy":"category","embeddable":true,"href":"https:\/\/eespquillabamba.edu.pe\/index.php\/wp-json\/wp\/v2\/categories?post=3215"},{"taxonomy":"post_tag","embeddable":true,"href":"https:\/\/eespquillabamba.edu.pe\/index.php\/wp-json\/wp\/v2\/tags?post=3215"}],"curies":[{"name":"wp","href":"https:\/\/api.w.org\/{rel}","templated":true}]}}