{"id":2650,"date":"2022-08-08T12:23:11","date_gmt":"2022-08-08T17:23:11","guid":{"rendered":"https:\/\/eespquillabamba.edu.pe\/?p=2650"},"modified":"2022-08-08T12:23:13","modified_gmt":"2022-08-08T17:23:13","slug":"asi-se-vivio-el-retorno-a-clases-tras-las-vacaciones","status":"publish","type":"post","link":"https:\/\/eespquillabamba.edu.pe\/index.php\/2022\/08\/08\/asi-se-vivio-el-retorno-a-clases-tras-las-vacaciones\/","title":{"rendered":"As\u00ed se vivi\u00f3 el retorno a clases tras las vacaciones"},"content":{"rendered":"<div class=\"wp-block-image\">\n<figure class=\"aligncenter size-large\"><img loading=\"lazy\" decoding=\"async\" width=\"1024\" height=\"683\" src=\"https:\/\/eespquillabamba.edu.pe\/wp-content\/uploads\/2022\/08\/298571168_365468852424006_200435484127578359_n-1024x683.jpg\" alt=\"\" class=\"wp-image-2653\" srcset=\"https:\/\/eespquillabamba.edu.pe\/wp-content\/uploads\/2022\/08\/298571168_365468852424006_200435484127578359_n-1024x683.jpg 1024w, https:\/\/eespquillabamba.edu.pe\/wp-content\/uploads\/2022\/08\/298571168_365468852424006_200435484127578359_n-300x200.jpg 300w, https:\/\/eespquillabamba.edu.pe\/wp-content\/uploads\/2022\/08\/298571168_365468852424006_200435484127578359_n-768x512.jpg 768w, https:\/\/eespquillabamba.edu.pe\/wp-content\/uploads\/2022\/08\/298571168_365468852424006_200435484127578359_n-1536x1024.jpg 1536w, https:\/\/eespquillabamba.edu.pe\/wp-content\/uploads\/2022\/08\/298571168_365468852424006_200435484127578359_n.jpg 1599w\" sizes=\"auto, (max-width: 1024px) 100vw, 1024px\" \/><\/figure>\n<\/div>\n\n\n<p>As\u00ed se vivi\u00f3 el retorno a clases tras las vacaciones de medio a\u00f1o en la IE N.\u00ba 1070 Melit\u00f3n Carvajal, en Lince. \u00a1No bajemos la guardia! recuerda seguir las medidas de bioseguridad y completar tu esquema de vacunaci\u00f3n contra el covid19. <a href=\"https:\/\/www.facebook.com\/hashtag\/todosvuelven?__eep__=6&amp;__cft__[0]=AZWiFM_4da9KLhNOKwUtZlDIqA0tPpINHUQhfMBT9eFoHJ2yN-9ADp2GrKr2JxZAK97QILIy4cStZsNJbVYu4H6Ue7O27-F4YDJicdiI_GkUanvA5o5bjQo3FSnttAhVf-c5PoPgCKfkD0VtMvNeFTOiZLBWyrTzgY1cCKi5Y_bltQ&amp;__tn__=*NK-R\">#TodosVuelven<\/a><\/p>\n\n\n<div class=\"wp-block-image\">\n<figure class=\"aligncenter size-large\"><img loading=\"lazy\" decoding=\"async\" width=\"1024\" height=\"683\" src=\"http:\/\/eespquillabamba.edu.pe\/wp-content\/uploads\/2022\/08\/298032051_365468905757334_2313644642982899756_n-1024x683.jpg\" alt=\"\" class=\"wp-image-2651\" srcset=\"https:\/\/eespquillabamba.edu.pe\/wp-content\/uploads\/2022\/08\/298032051_365468905757334_2313644642982899756_n-1024x683.jpg 1024w, https:\/\/eespquillabamba.edu.pe\/wp-content\/uploads\/2022\/08\/298032051_365468905757334_2313644642982899756_n-300x200.jpg 300w, https:\/\/eespquillabamba.edu.pe\/wp-content\/uploads\/2022\/08\/298032051_365468905757334_2313644642982899756_n-768x512.jpg 768w, https:\/\/eespquillabamba.edu.pe\/wp-content\/uploads\/2022\/08\/298032051_365468905757334_2313644642982899756_n-1536x1024.jpg 1536w, https:\/\/eespquillabamba.edu.pe\/wp-content\/uploads\/2022\/08\/298032051_365468905757334_2313644642982899756_n.jpg 1599w\" sizes=\"auto, (max-width: 1024px) 100vw, 1024px\" \/><\/figure>\n<\/div>","protected":false},"excerpt":{"rendered":"<p>As\u00ed se vivi\u00f3 el retorno a clases tras las vacaciones de medio a\u00f1o en la IE N.\u00ba 1070 Melit\u00f3n Carvajal, en Lince. \u00a1No bajemos la guardia! recuerda seguir las medidas de bioseguridad y completar tu esquema de vacunaci\u00f3n contra el covid19. #TodosVuelven<\/p>\n","protected":false},"author":1,"featured_media":2651,"comment_status":"open","ping_status":"open","sticky":false,"template":"","format":"standard","meta":{"footnotes":""},"categories":[92,95],"tags":[],"class_list":["post-2650","post","type-post","status-publish","format-standard","has-post-thumbnail","hentry","category-noticias","category-publicaciones"],"_links":{"self":[{"href":"https:\/\/eespquillabamba.edu.pe\/index.php\/wp-json\/wp\/v2\/posts\/2650","targetHints":{"allow":["GET"]}}],"collection":[{"href":"https:\/\/eespquillabamba.edu.pe\/index.php\/wp-json\/wp\/v2\/posts"}],"about":[{"href":"https:\/\/eespquillabamba.edu.pe\/index.php\/wp-json\/wp\/v2\/types\/post"}],"author":[{"embeddable":true,"href":"https:\/\/eespquillabamba.edu.pe\/index.php\/wp-json\/wp\/v2\/users\/1"}],"replies":[{"embeddable":true,"href":"https:\/\/eespquillabamba.edu.pe\/index.php\/wp-json\/wp\/v2\/comments?post=2650"}],"version-history":[{"count":1,"href":"https:\/\/eespquillabamba.edu.pe\/index.php\/wp-json\/wp\/v2\/posts\/2650\/revisions"}],"predecessor-version":[{"id":2654,"href":"https:\/\/eespquillabamba.edu.pe\/index.php\/wp-json\/wp\/v2\/posts\/2650\/revisions\/2654"}],"wp:featuredmedia":[{"embeddable":true,"href":"https:\/\/eespquillabamba.edu.pe\/index.php\/wp-json\/wp\/v2\/media\/2651"}],"wp:attachment":[{"href":"https:\/\/eespquillabamba.edu.pe\/index.php\/wp-json\/wp\/v2\/media?parent=2650"}],"wp:term":[{"taxonomy":"category","embeddable":true,"href":"https:\/\/eespquillabamba.edu.pe\/index.php\/wp-json\/wp\/v2\/categories?post=2650"},{"taxonomy":"post_tag","embeddable":true,"href":"https:\/\/eespquillabamba.edu.pe\/index.php\/wp-json\/wp\/v2\/tags?post=2650"}],"curies":[{"name":"wp","href":"https:\/\/api.w.org\/{rel}","templated":true}]}}