{"id":2631,"date":"2022-08-01T16:02:42","date_gmt":"2022-08-01T21:02:42","guid":{"rendered":"https:\/\/eespquillabamba.edu.pe\/?p=2631"},"modified":"2022-08-01T16:02:52","modified_gmt":"2022-08-01T21:02:52","slug":"atencion-educativa-de-estudiantes-con-sordo-ceguera","status":"publish","type":"post","link":"https:\/\/eespquillabamba.edu.pe\/index.php\/2022\/08\/01\/atencion-educativa-de-estudiantes-con-sordo-ceguera\/","title":{"rendered":"Atenci\u00f3n educativa de estudiantes con Sordo Ceguera"},"content":{"rendered":"\n<p>\u00bfCu\u00e1les son los desaf\u00edos que implica la atenci\u00f3n educativa de estudiantes con sordoceguera? Inscr\u00edbete a este curso virtual tutorado dirigido a docentes y profesionales comprometidos con la educaci\u00f3n inclusiva. M\u00e1s informaci\u00f3n en <a rel=\"noreferrer noopener\" href=\"https:\/\/l.facebook.com\/l.php?u=https%3A%2F%2Fbit.ly%2F3JaSSfm%3Ffbclid%3DIwAR1iwZk1ItEM3JwnyJk2bFKjXilHZzz9HUsaDjhrvb_EmOwt8N5j10Ozixo&amp;h=AT2ZJ_fWTo3tRunqOUf6JQw9qkHFIhXD0bZDRsY3wvx3o2_rogHtkdX8KEwf_3nFTfLpjwXiwvsCCkK-J8PJp5OXI33QRsTh3HANmXQLUjyi5gWFIi1YQCZzvp6UK29kBM-7&amp;__tn__=-UK-R&amp;c[0]=AT1fB1G2wrpz4CWQfAFFG5renKuLe-BeazlYNXp3SILVnkWUJmfWRYWY0vEojx2uzkcDwUAGU9ljc6jWYU4LtMqJ10Ion5ugFYg8uQQ3ara1LSiXZDTGM3aNYUbSw7MCmTJawO5JlppKQuf5U9qRJ4tN63K9ofAnDbdrbXoHqniX8jKSlwyP304x7MjE6JQUntRUULyg\" target=\"_blank\">https:\/\/bit.ly\/3JaSSfm<\/a><\/p>\n\n\n<div class=\"wp-block-image\">\n<figure class=\"aligncenter size-full\"><img loading=\"lazy\" decoding=\"async\" width=\"540\" height=\"667\" src=\"https:\/\/eespquillabamba.edu.pe\/wp-content\/uploads\/2022\/08\/01-08-2022E.jpg\" alt=\"\" class=\"wp-image-2632\" srcset=\"https:\/\/eespquillabamba.edu.pe\/wp-content\/uploads\/2022\/08\/01-08-2022E.jpg 540w, https:\/\/eespquillabamba.edu.pe\/wp-content\/uploads\/2022\/08\/01-08-2022E-243x300.jpg 243w\" sizes=\"auto, (max-width: 540px) 100vw, 540px\" \/><\/figure>\n<\/div>\n\n\n<p><\/p>\n","protected":false},"excerpt":{"rendered":"<p>\u00bfCu\u00e1les son los desaf\u00edos que implica la atenci\u00f3n educativa de estudiantes con sordoceguera? Inscr\u00edbete a este curso virtual tutorado dirigido a docentes y profesionales comprometidos con la educaci\u00f3n inclusiva. M\u00e1s informaci\u00f3n en https:\/\/bit.ly\/3JaSSfm<\/p>\n","protected":false},"author":1,"featured_media":2632,"comment_status":"open","ping_status":"open","sticky":false,"template":"","format":"standard","meta":{"footnotes":""},"categories":[92,95],"tags":[],"class_list":["post-2631","post","type-post","status-publish","format-standard","has-post-thumbnail","hentry","category-noticias","category-publicaciones"],"_links":{"self":[{"href":"https:\/\/eespquillabamba.edu.pe\/index.php\/wp-json\/wp\/v2\/posts\/2631","targetHints":{"allow":["GET"]}}],"collection":[{"href":"https:\/\/eespquillabamba.edu.pe\/index.php\/wp-json\/wp\/v2\/posts"}],"about":[{"href":"https:\/\/eespquillabamba.edu.pe\/index.php\/wp-json\/wp\/v2\/types\/post"}],"author":[{"embeddable":true,"href":"https:\/\/eespquillabamba.edu.pe\/index.php\/wp-json\/wp\/v2\/users\/1"}],"replies":[{"embeddable":true,"href":"https:\/\/eespquillabamba.edu.pe\/index.php\/wp-json\/wp\/v2\/comments?post=2631"}],"version-history":[{"count":1,"href":"https:\/\/eespquillabamba.edu.pe\/index.php\/wp-json\/wp\/v2\/posts\/2631\/revisions"}],"predecessor-version":[{"id":2633,"href":"https:\/\/eespquillabamba.edu.pe\/index.php\/wp-json\/wp\/v2\/posts\/2631\/revisions\/2633"}],"wp:featuredmedia":[{"embeddable":true,"href":"https:\/\/eespquillabamba.edu.pe\/index.php\/wp-json\/wp\/v2\/media\/2632"}],"wp:attachment":[{"href":"https:\/\/eespquillabamba.edu.pe\/index.php\/wp-json\/wp\/v2\/media?parent=2631"}],"wp:term":[{"taxonomy":"category","embeddable":true,"href":"https:\/\/eespquillabamba.edu.pe\/index.php\/wp-json\/wp\/v2\/categories?post=2631"},{"taxonomy":"post_tag","embeddable":true,"href":"https:\/\/eespquillabamba.edu.pe\/index.php\/wp-json\/wp\/v2\/tags?post=2631"}],"curies":[{"name":"wp","href":"https:\/\/api.w.org\/{rel}","templated":true}]}}